{"id":318,"date":"2018-07-24T15:50:34","date_gmt":"2018-07-24T15:50:34","guid":{"rendered":"https:\/\/centropedropaz.fcejs.unsl.edu.ar\/?p=318"},"modified":"2018-07-24T15:51:32","modified_gmt":"2018-07-24T15:51:32","slug":"ciclo-de-encuentros-el-g20-implicancias-para-nuestramerica-y-la-argentina","status":"publish","type":"post","link":"https:\/\/centropedropaz.fcejs.unsl.edu.ar\/index.php\/2018\/07\/24\/ciclo-de-encuentros-el-g20-implicancias-para-nuestramerica-y-la-argentina\/","title":{"rendered":"Ciclo de encuentros: \u00abEl G20. Implicancias para Nuestram\u00e9rica y la Argentina\u00bb"},"content":{"rendered":"<p>En el marco del ciclo de encuentros que viene desarrollando el Centro de Pensamiento Cr\u00edtico Pedro Paz creado en el \u00e1mbito de la Facultad en el a\u00f1o 2017 por Ordenanza CD 02\/17, se invita a la comunidad universitaria y p\u00fablico general a participar del encuentro denominado \u00abEl G20. Implicancias para Nuestram\u00e9rica y la Argentina\u00bb, a llevarse a cabo el jueves 26 de julio de 2018 a las 17hs. en el Aula 1 del Campus Universitario. Para esta actividad ha sido invitado el Economista Alejandro Vanoli, ex Presidente del Banco Central durante el periodo 2014\/2015. El tema central a abordar en el conversatorio ser\u00e1: El G20 en la Argentina y la actualidad econ\u00f3mica.<\/p>\n<p>Programa de actividades para el a\u00f1o 2018:<\/p>\n<p><strong>I. Ciclo de Encuentros: El G20. Implicancias para Nuestram\u00e9rica y la Argentina.<\/strong><\/p>\n<p>Para esta actividad se invit\u00f3 a Alejandro Vanoli, ex presidente del Banco Central de la Rep\u00fablica Argentina, qui\u00e9n brindar\u00e1 una charla el d\u00eda 26 de julio.<\/p>\n<p>La actividad consistir\u00e1 en un encuentro con estudiantes, p\u00fablico en general, docentes, extensionistas, investigadores, personal de apoyo a la actividad universitaria, que se realizar\u00e1 a las 17 hs. en el Aula 1 de la Facultad de Ciencias Econ\u00f3micas, Jur\u00eddicas y Sociales, en el Campo Universitario sito en Ruta 55, Ext Norte.<\/p>\n<p>El tema inicial para abordar ser\u00e1 en el conversatorio es: El G20 en la Argentina y la actualidad econ\u00f3mica. En este encuentro se tratar\u00e1n entre otros aspectos, acerca de:<\/p>\n<p>El G20: Qu\u00e9 es el G20, c\u00f3mo funciona, de qu\u00e9 se ocupa, cu\u00e1l es el significado que Argentina presida la cumbre del G 20. V\u00ednculos entre los intereses econ\u00f3micos y pol\u00edticos de los pa\u00edses hegem\u00f3nicos y la militarizaci\u00f3n de Nuestram\u00e9rica. La Argentina y el G 20. Cu\u00e1l es el lugar que ocupa el Estado en la mundializaci\u00f3n econ\u00f3mica e institucional. La importancia para el G 20 de los recursos naturales de nuestros territorios y su v\u00ednculo con la crisis civilizatoria del momento<\/p>\n<p><strong>II. Investigaci\u00f3n y an\u00e1lisis del G20 desde su creaci\u00f3n hasta la actualidad<\/strong><\/p>\n<p>Se realizar\u00e1 una investigaci\u00f3n a trav\u00e9s de una b\u00fasqueda y an\u00e1lisis de informaci\u00f3n con la participaci\u00f3n de los becarios de REDEM y la Coordinaci\u00f3n del mismo. Tambi\u00e9n se convoca a estudiantes, docentes y asignaturas que la tem\u00e1tica sea de inter\u00e9s, dentro de la UNSL como del IFDCVM, organizando grupos de trabajo que tendr\u00e1n el objetivo de buscar informaci\u00f3n, investigar al respecto para su posterior difusi\u00f3n.<\/p>\n<p><strong>III. Informe final<\/strong><\/p>\n<p>Ser\u00e1 presentado el d\u00eda 7 de diciembre al momento de cierre de las actividades del a\u00f1o del Centro de Pensamiento Cr\u00edtico Pedro Paz.<\/p>\n<p>&nbsp;<\/p>\n<p><a href=\"http:\/\/190.122.239.180\/fica\/archivos\/822.pdf\" target=\"_blank\" rel=\"noopener\">[CV resumido Alejandro Vanoli]<\/a><\/p>\n<p>&nbsp;<\/p>\n<p><img loading=\"lazy\" decoding=\"async\" class=\"alignnone size-medium wp-image-320\" src=\"https:\/\/centropedropaz.fcejs.unsl.edu.ar\/wp-content\/uploads\/2018\/07\/tarj-300x123.jpg\" alt=\"\" width=\"300\" height=\"123\" srcset=\"https:\/\/centropedropaz.fcejs.unsl.edu.ar\/wp-content\/uploads\/2018\/07\/tarj-300x123.jpg 300w, https:\/\/centropedropaz.fcejs.unsl.edu.ar\/wp-content\/uploads\/2018\/07\/tarj.jpg 500w\" sizes=\"auto, (max-width: 300px) 100vw, 300px\" \/><\/p>\n","protected":false},"excerpt":{"rendered":"<p>En el marco del ciclo de encuentros que viene desarrollando el Centro de Pensamiento Cr\u00edtico Pedro Paz creado en el \u00e1mbito de la Facultad en el a\u00f1o 2017 por Ordenanza CD 02\/17, se invita a la comunidad universitaria y p\u00fablico&#8230; <a class=\"more-link\" href=\"https:\/\/centropedropaz.fcejs.unsl.edu.ar\/index.php\/2018\/07\/24\/ciclo-de-encuentros-el-g20-implicancias-para-nuestramerica-y-la-argentina\/\">Seguir leyendo &rarr;<\/a><\/p>\n","protected":false},"author":3,"featured_media":319,"comment_status":"open","ping_status":"open","sticky":false,"template":"","format":"standard","meta":{"footnotes":""},"categories":[4],"tags":[],"class_list":["post-318","post","type-post","status-publish","format-standard","has-post-thumbnail","hentry","category-actividades-cpc"],"_links":{"self":[{"href":"https:\/\/centropedropaz.fcejs.unsl.edu.ar\/index.php\/wp-json\/wp\/v2\/posts\/318","targetHints":{"allow":["GET"]}}],"collection":[{"href":"https:\/\/centropedropaz.fcejs.unsl.edu.ar\/index.php\/wp-json\/wp\/v2\/posts"}],"about":[{"href":"https:\/\/centropedropaz.fcejs.unsl.edu.ar\/index.php\/wp-json\/wp\/v2\/types\/post"}],"author":[{"embeddable":true,"href":"https:\/\/centropedropaz.fcejs.unsl.edu.ar\/index.php\/wp-json\/wp\/v2\/users\/3"}],"replies":[{"embeddable":true,"href":"https:\/\/centropedropaz.fcejs.unsl.edu.ar\/index.php\/wp-json\/wp\/v2\/comments?post=318"}],"version-history":[{"count":1,"href":"https:\/\/centropedropaz.fcejs.unsl.edu.ar\/index.php\/wp-json\/wp\/v2\/posts\/318\/revisions"}],"predecessor-version":[{"id":321,"href":"https:\/\/centropedropaz.fcejs.unsl.edu.ar\/index.php\/wp-json\/wp\/v2\/posts\/318\/revisions\/321"}],"wp:featuredmedia":[{"embeddable":true,"href":"https:\/\/centropedropaz.fcejs.unsl.edu.ar\/index.php\/wp-json\/wp\/v2\/media\/319"}],"wp:attachment":[{"href":"https:\/\/centropedropaz.fcejs.unsl.edu.ar\/index.php\/wp-json\/wp\/v2\/media?parent=318"}],"wp:term":[{"taxonomy":"category","embeddable":true,"href":"https:\/\/centropedropaz.fcejs.unsl.edu.ar\/index.php\/wp-json\/wp\/v2\/categories?post=318"},{"taxonomy":"post_tag","embeddable":true,"href":"https:\/\/centropedropaz.fcejs.unsl.edu.ar\/index.php\/wp-json\/wp\/v2\/tags?post=318"}],"curies":[{"name":"wp","href":"https:\/\/api.w.org\/{rel}","templated":true}]}}