{"id":218,"date":"2017-11-24T13:42:28","date_gmt":"2017-11-24T13:42:28","guid":{"rendered":"https:\/\/centropedropaz.fcejs.unsl.edu.ar\/?p=218"},"modified":"2017-11-24T13:42:28","modified_gmt":"2017-11-24T13:42:28","slug":"carrera-de-posgrado-especializacion-en-estudios-socio-economicos-latinoamericanos","status":"publish","type":"post","link":"https:\/\/centropedropaz.fcejs.unsl.edu.ar\/index.php\/2017\/11\/24\/carrera-de-posgrado-especializacion-en-estudios-socio-economicos-latinoamericanos\/","title":{"rendered":"Carrera de Posgrado \u00abEspecializaci\u00f3n en estudios socio-econ\u00f3micos Latinoamericanos\u00bb"},"content":{"rendered":"<h2 style=\"text-align: center;\">Carrera de Posgrado \u00abEspecializaci\u00f3n en estudios socio-econ\u00f3micos Latinoamericanos\u00bb<\/h2>\n<p><img loading=\"lazy\" decoding=\"async\" class=\"wp-image-228 aligncenter\" src=\"https:\/\/centropedropaz.fcejs.unsl.edu.ar\/wp-content\/uploads\/2017\/11\/Centro-de-pensamiento-critico-logo-300x107.jpg\" alt=\"\" width=\"491\" height=\"175\" srcset=\"https:\/\/centropedropaz.fcejs.unsl.edu.ar\/wp-content\/uploads\/2017\/11\/Centro-de-pensamiento-critico-logo-300x107.jpg 300w, https:\/\/centropedropaz.fcejs.unsl.edu.ar\/wp-content\/uploads\/2017\/11\/Centro-de-pensamiento-critico-logo.jpg 365w\" sizes=\"auto, (max-width: 491px) 100vw, 491px\" \/><\/p>\n<h5>A principios de 2017 se concreta la protocoliszaci\u00f3n y reconocimiento por parte de la universidad de la Especializaci\u00f3n en Estudios socio-econ\u00f3micos Latinoamericanos\u00bb como resultado de un largo trayecto de esfuerzos por parte de los miembros del CPC Pedro Paz, para mantener la autoformaci\u00f3n en marcha constante.<\/h5>\n<h5><a href=\"https:\/\/centropedropaz.fcejs.unsl.edu.ar\/wp-content\/uploads\/2017\/11\/Ordenanza-CD-01-17-Carrera.pdf\">Ordenanza CD 01-17- Carrera<\/a> <a href=\"https:\/\/centropedropaz.fcejs.unsl.edu.ar\/wp-content\/uploads\/2017\/11\/Res-D-N\u00ba-101-17-C-Acad\u00e9mico.pdf\">Res D N\u00ba 101-17- C- Acad\u00e9mico<\/a><\/h5>\n<h5><a href=\"https:\/\/centropedropaz.fcejs.unsl.edu.ar\/wp-content\/uploads\/2017\/11\/Ordenanza-CD-01-17-Carrera.pdf\">Ordenanza CD 01-17- Carrera<\/a><\/h5>\n<h5>Esta especializaci\u00f3n nace a partir de dos trayectos Curriculares Sistem\u00e1ticos de posgrado, dictados por los coordinadores del \u00abCPC\u00bb Dr. Enrique Elorza y Dr. Julio Gambina, durante los a\u00f1os 2015 y 2016. Estos TCSP actualmente pasan a conformar la estructura de la especializaci\u00f3n.<\/h5>\n<h5><a href=\"https:\/\/centropedropaz.fcejs.unsl.edu.ar\/wp-content\/uploads\/2017\/11\/TCSP-Programa.pdf\">Trayecto Curricular Sistem\u00e1tico de Posgrado \u201cLa econom\u00eda Pol\u00edtica y la pol\u00edtica econ\u00f3mica en Tiempos de Crisis: debates Contempor\u00e1neos\u201d (Programa y Resoluci\u00f3n)<\/a><\/h5>\n<h5><a href=\"https:\/\/centropedropaz.fcejs.unsl.edu.ar\/wp-content\/uploads\/2017\/11\/Sujetos-y-emancipaci\u00f3n-en-el-capitalismo-del-Siglo-XXI-Una-mirada-desde-la-econom\u00eda-pol\u00edtica-Programa-y-Resoluci\u00f3n.pdf\">Trayecto Curricular Sistem\u00e1tico de Posgrado -Sujetos y emancipaci\u00f3n en el capitalismo del Siglo XXI &#8211; Una mirada desde la econom\u00eda pol\u00edtica (Programa y Resoluci\u00f3n)<\/a><\/h5>\n<p style=\"text-align: right;\">Centro de Pensamiento Cr\u00edtico<\/p>\n<p style=\"text-align: right;\">\u00abPedro Paz\u00bb<\/p>\n","protected":false},"excerpt":{"rendered":"<p>Carrera de Posgrado \u00abEspecializaci\u00f3n en estudios socio-econ\u00f3micos Latinoamericanos\u00bb A principios de 2017 se concreta la protocoliszaci\u00f3n y reconocimiento por parte de la universidad de la Especializaci\u00f3n en Estudios socio-econ\u00f3micos Latinoamericanos\u00bb como resultado de un largo trayecto de esfuerzos por parte&#8230; <a class=\"more-link\" href=\"https:\/\/centropedropaz.fcejs.unsl.edu.ar\/index.php\/2017\/11\/24\/carrera-de-posgrado-especializacion-en-estudios-socio-economicos-latinoamericanos\/\">Seguir leyendo &rarr;<\/a><\/p>\n","protected":false},"author":3,"featured_media":0,"comment_status":"open","ping_status":"open","sticky":false,"template":"","format":"standard","meta":{"footnotes":""},"categories":[5],"tags":[],"class_list":["post-218","post","type-post","status-publish","format-standard","hentry","category-formacion-academica"],"_links":{"self":[{"href":"https:\/\/centropedropaz.fcejs.unsl.edu.ar\/index.php\/wp-json\/wp\/v2\/posts\/218","targetHints":{"allow":["GET"]}}],"collection":[{"href":"https:\/\/centropedropaz.fcejs.unsl.edu.ar\/index.php\/wp-json\/wp\/v2\/posts"}],"about":[{"href":"https:\/\/centropedropaz.fcejs.unsl.edu.ar\/index.php\/wp-json\/wp\/v2\/types\/post"}],"author":[{"embeddable":true,"href":"https:\/\/centropedropaz.fcejs.unsl.edu.ar\/index.php\/wp-json\/wp\/v2\/users\/3"}],"replies":[{"embeddable":true,"href":"https:\/\/centropedropaz.fcejs.unsl.edu.ar\/index.php\/wp-json\/wp\/v2\/comments?post=218"}],"version-history":[{"count":3,"href":"https:\/\/centropedropaz.fcejs.unsl.edu.ar\/index.php\/wp-json\/wp\/v2\/posts\/218\/revisions"}],"predecessor-version":[{"id":300,"href":"https:\/\/centropedropaz.fcejs.unsl.edu.ar\/index.php\/wp-json\/wp\/v2\/posts\/218\/revisions\/300"}],"wp:attachment":[{"href":"https:\/\/centropedropaz.fcejs.unsl.edu.ar\/index.php\/wp-json\/wp\/v2\/media?parent=218"}],"wp:term":[{"taxonomy":"category","embeddable":true,"href":"https:\/\/centropedropaz.fcejs.unsl.edu.ar\/index.php\/wp-json\/wp\/v2\/categories?post=218"},{"taxonomy":"post_tag","embeddable":true,"href":"https:\/\/centropedropaz.fcejs.unsl.edu.ar\/index.php\/wp-json\/wp\/v2\/tags?post=218"}],"curies":[{"name":"wp","href":"https:\/\/api.w.org\/{rel}","templated":true}]}}