{"id":208,"date":"2017-11-24T12:30:05","date_gmt":"2017-11-24T12:30:05","guid":{"rendered":"https:\/\/centropedropaz.fcejs.unsl.edu.ar\/?p=208"},"modified":"2017-11-24T12:31:29","modified_gmt":"2017-11-24T12:31:29","slug":"actividades-cpc-ii-jornada-sobre-la-reforma-universitaria-18-de-agosto-2017","status":"publish","type":"post","link":"https:\/\/centropedropaz.fcejs.unsl.edu.ar\/index.php\/2017\/11\/24\/actividades-cpc-ii-jornada-sobre-la-reforma-universitaria-18-de-agosto-2017\/","title":{"rendered":"Actividades \u201cCPC\u201d II &#8211; Jornada sobre la reforma universitaria (18 de Agosto 2017)"},"content":{"rendered":"<h2 style=\"text-align: center;\">Jornada sobre la reforma universitaria (18 de Agosto 2017)<\/h2>\n<p><img loading=\"lazy\" decoding=\"async\" class=\"wp-image-209 aligncenter\" src=\"https:\/\/centropedropaz.fcejs.unsl.edu.ar\/wp-content\/uploads\/2017\/11\/Jornadas-reforma-universitaria-238x300.jpg\" alt=\"\" width=\"403\" height=\"508\" srcset=\"https:\/\/centropedropaz.fcejs.unsl.edu.ar\/wp-content\/uploads\/2017\/11\/Jornadas-reforma-universitaria-238x300.jpg 238w, https:\/\/centropedropaz.fcejs.unsl.edu.ar\/wp-content\/uploads\/2017\/11\/Jornadas-reforma-universitaria.jpg 405w\" sizes=\"auto, (max-width: 403px) 100vw, 403px\" \/><\/p>\n<p>&nbsp;<\/p>\n<p>Como parte del programa de actividades del Centro de Pensamiento Cr\u00edtico \u00abPedro Paz\u00bb y considerando a la Universidad P\u00fablica como un \u00e1mbito de construcci\u00f3n del conocimiento, no s\u00f3lo de la comunidad universitaria sino tambi\u00e9n de la comunidad local, se\u00a0 llevaron a cabo actividades de an\u00e1lisis y debate que contribuyan a la comprensi\u00f3n de las problem\u00e1ticas sociales y educativas actuales, promoviendo el posicionamiento pol\u00edtico y la participaci\u00f3n activa de cada persona.<br \/>\nEn este sentido reflexionar sobre la Educaci\u00f3n en general y la Universidad en particular, es un desaf\u00edo complejo que debe ser abordado desde diferentes dimensiones (pol\u00edticas, sociales, econ\u00f3micas y culturales) en cuanto proceso sociohist\u00f3rico tomando como punto de arranque y contexto general la reforma universitaria argentina de 1918.<\/p>\n<p><a href=\"https:\/\/centropedropaz.fcejs.unsl.edu.ar\/wp-content\/uploads\/2017\/11\/Jornada-sobre-la-reforma-universitaria-18-de-Agosto-2017.pdf\">D\u00edptico: Jornada sobre la reforma universitaria (18 de Agosto 2017)<\/a><\/p>\n<p>Galer\u00eda de fotos de la actividad:<\/p>\n<p><img loading=\"lazy\" decoding=\"async\" class=\"alignnone size-medium wp-image-210\" src=\"https:\/\/centropedropaz.fcejs.unsl.edu.ar\/wp-content\/uploads\/2017\/11\/DSC01879-300x225.jpg\" alt=\"\" width=\"300\" height=\"225\" srcset=\"https:\/\/centropedropaz.fcejs.unsl.edu.ar\/wp-content\/uploads\/2017\/11\/DSC01879-300x225.jpg 300w, https:\/\/centropedropaz.fcejs.unsl.edu.ar\/wp-content\/uploads\/2017\/11\/DSC01879-768x576.jpg 768w, https:\/\/centropedropaz.fcejs.unsl.edu.ar\/wp-content\/uploads\/2017\/11\/DSC01879-1024x768.jpg 1024w, https:\/\/centropedropaz.fcejs.unsl.edu.ar\/wp-content\/uploads\/2017\/11\/DSC01879-945x709.jpg 945w, https:\/\/centropedropaz.fcejs.unsl.edu.ar\/wp-content\/uploads\/2017\/11\/DSC01879-600x450.jpg 600w\" sizes=\"auto, (max-width: 300px) 100vw, 300px\" \/> <img loading=\"lazy\" decoding=\"async\" class=\"alignnone size-medium wp-image-211\" src=\"https:\/\/centropedropaz.fcejs.unsl.edu.ar\/wp-content\/uploads\/2017\/11\/DSC01889-300x225.jpg\" alt=\"\" width=\"300\" height=\"225\" srcset=\"https:\/\/centropedropaz.fcejs.unsl.edu.ar\/wp-content\/uploads\/2017\/11\/DSC01889-300x225.jpg 300w, https:\/\/centropedropaz.fcejs.unsl.edu.ar\/wp-content\/uploads\/2017\/11\/DSC01889-768x576.jpg 768w, https:\/\/centropedropaz.fcejs.unsl.edu.ar\/wp-content\/uploads\/2017\/11\/DSC01889-1024x768.jpg 1024w, https:\/\/centropedropaz.fcejs.unsl.edu.ar\/wp-content\/uploads\/2017\/11\/DSC01889-945x709.jpg 945w, https:\/\/centropedropaz.fcejs.unsl.edu.ar\/wp-content\/uploads\/2017\/11\/DSC01889-600x450.jpg 600w\" sizes=\"auto, (max-width: 300px) 100vw, 300px\" \/> <img loading=\"lazy\" decoding=\"async\" class=\"alignnone size-medium wp-image-212\" src=\"https:\/\/centropedropaz.fcejs.unsl.edu.ar\/wp-content\/uploads\/2017\/11\/DSC01894-300x225.jpg\" alt=\"\" width=\"300\" height=\"225\" srcset=\"https:\/\/centropedropaz.fcejs.unsl.edu.ar\/wp-content\/uploads\/2017\/11\/DSC01894-300x225.jpg 300w, https:\/\/centropedropaz.fcejs.unsl.edu.ar\/wp-content\/uploads\/2017\/11\/DSC01894-768x576.jpg 768w, https:\/\/centropedropaz.fcejs.unsl.edu.ar\/wp-content\/uploads\/2017\/11\/DSC01894-1024x768.jpg 1024w, https:\/\/centropedropaz.fcejs.unsl.edu.ar\/wp-content\/uploads\/2017\/11\/DSC01894-945x709.jpg 945w, https:\/\/centropedropaz.fcejs.unsl.edu.ar\/wp-content\/uploads\/2017\/11\/DSC01894-600x450.jpg 600w\" sizes=\"auto, (max-width: 300px) 100vw, 300px\" \/> <img loading=\"lazy\" decoding=\"async\" class=\"alignnone size-medium wp-image-213\" src=\"https:\/\/centropedropaz.fcejs.unsl.edu.ar\/wp-content\/uploads\/2017\/11\/16-300x209.jpg\" alt=\"\" width=\"300\" height=\"209\" srcset=\"https:\/\/centropedropaz.fcejs.unsl.edu.ar\/wp-content\/uploads\/2017\/11\/16-300x209.jpg 300w, https:\/\/centropedropaz.fcejs.unsl.edu.ar\/wp-content\/uploads\/2017\/11\/16-768x535.jpg 768w, https:\/\/centropedropaz.fcejs.unsl.edu.ar\/wp-content\/uploads\/2017\/11\/16-600x418.jpg 600w, https:\/\/centropedropaz.fcejs.unsl.edu.ar\/wp-content\/uploads\/2017\/11\/16.jpg 921w\" sizes=\"auto, (max-width: 300px) 100vw, 300px\" \/> <img loading=\"lazy\" decoding=\"async\" class=\"alignnone size-medium wp-image-214\" src=\"https:\/\/centropedropaz.fcejs.unsl.edu.ar\/wp-content\/uploads\/2017\/11\/20-924x600-300x195.jpg\" alt=\"\" width=\"300\" height=\"195\" srcset=\"https:\/\/centropedropaz.fcejs.unsl.edu.ar\/wp-content\/uploads\/2017\/11\/20-924x600-300x195.jpg 300w, https:\/\/centropedropaz.fcejs.unsl.edu.ar\/wp-content\/uploads\/2017\/11\/20-924x600-768x499.jpg 768w, https:\/\/centropedropaz.fcejs.unsl.edu.ar\/wp-content\/uploads\/2017\/11\/20-924x600-600x390.jpg 600w, https:\/\/centropedropaz.fcejs.unsl.edu.ar\/wp-content\/uploads\/2017\/11\/20-924x600.jpg 924w\" sizes=\"auto, (max-width: 300px) 100vw, 300px\" \/> <img loading=\"lazy\" decoding=\"async\" class=\"alignnone size-medium wp-image-215\" src=\"https:\/\/centropedropaz.fcejs.unsl.edu.ar\/wp-content\/uploads\/2017\/11\/DSC01859-300x225.jpg\" alt=\"\" width=\"300\" height=\"225\" srcset=\"https:\/\/centropedropaz.fcejs.unsl.edu.ar\/wp-content\/uploads\/2017\/11\/DSC01859-300x225.jpg 300w, https:\/\/centropedropaz.fcejs.unsl.edu.ar\/wp-content\/uploads\/2017\/11\/DSC01859-768x576.jpg 768w, https:\/\/centropedropaz.fcejs.unsl.edu.ar\/wp-content\/uploads\/2017\/11\/DSC01859-1024x768.jpg 1024w, https:\/\/centropedropaz.fcejs.unsl.edu.ar\/wp-content\/uploads\/2017\/11\/DSC01859-945x709.jpg 945w, https:\/\/centropedropaz.fcejs.unsl.edu.ar\/wp-content\/uploads\/2017\/11\/DSC01859-600x450.jpg 600w\" sizes=\"auto, (max-width: 300px) 100vw, 300px\" \/><\/p>\n<p>&nbsp;<\/p>\n<p style=\"text-align: right;\"><em>Centro de Pensamiento Cr\u00edtico<\/em><\/p>\n<p style=\"text-align: right;\"><em>\u00abPedro Paz\u00bb<\/em><\/p>\n","protected":false},"excerpt":{"rendered":"<p>Jornada sobre la reforma universitaria (18 de Agosto 2017) &nbsp; Como parte del programa de actividades del Centro de Pensamiento Cr\u00edtico \u00abPedro Paz\u00bb y considerando a la Universidad P\u00fablica como un \u00e1mbito de construcci\u00f3n del conocimiento, no s\u00f3lo de la&#8230; <a class=\"more-link\" href=\"https:\/\/centropedropaz.fcejs.unsl.edu.ar\/index.php\/2017\/11\/24\/actividades-cpc-ii-jornada-sobre-la-reforma-universitaria-18-de-agosto-2017\/\">Seguir leyendo &rarr;<\/a><\/p>\n","protected":false},"author":3,"featured_media":209,"comment_status":"open","ping_status":"open","sticky":false,"template":"","format":"standard","meta":{"footnotes":""},"categories":[4],"tags":[],"class_list":["post-208","post","type-post","status-publish","format-standard","has-post-thumbnail","hentry","category-actividades-cpc"],"_links":{"self":[{"href":"https:\/\/centropedropaz.fcejs.unsl.edu.ar\/index.php\/wp-json\/wp\/v2\/posts\/208","targetHints":{"allow":["GET"]}}],"collection":[{"href":"https:\/\/centropedropaz.fcejs.unsl.edu.ar\/index.php\/wp-json\/wp\/v2\/posts"}],"about":[{"href":"https:\/\/centropedropaz.fcejs.unsl.edu.ar\/index.php\/wp-json\/wp\/v2\/types\/post"}],"author":[{"embeddable":true,"href":"https:\/\/centropedropaz.fcejs.unsl.edu.ar\/index.php\/wp-json\/wp\/v2\/users\/3"}],"replies":[{"embeddable":true,"href":"https:\/\/centropedropaz.fcejs.unsl.edu.ar\/index.php\/wp-json\/wp\/v2\/comments?post=208"}],"version-history":[{"count":1,"href":"https:\/\/centropedropaz.fcejs.unsl.edu.ar\/index.php\/wp-json\/wp\/v2\/posts\/208\/revisions"}],"predecessor-version":[{"id":217,"href":"https:\/\/centropedropaz.fcejs.unsl.edu.ar\/index.php\/wp-json\/wp\/v2\/posts\/208\/revisions\/217"}],"wp:featuredmedia":[{"embeddable":true,"href":"https:\/\/centropedropaz.fcejs.unsl.edu.ar\/index.php\/wp-json\/wp\/v2\/media\/209"}],"wp:attachment":[{"href":"https:\/\/centropedropaz.fcejs.unsl.edu.ar\/index.php\/wp-json\/wp\/v2\/media?parent=208"}],"wp:term":[{"taxonomy":"category","embeddable":true,"href":"https:\/\/centropedropaz.fcejs.unsl.edu.ar\/index.php\/wp-json\/wp\/v2\/categories?post=208"},{"taxonomy":"post_tag","embeddable":true,"href":"https:\/\/centropedropaz.fcejs.unsl.edu.ar\/index.php\/wp-json\/wp\/v2\/tags?post=208"}],"curies":[{"name":"wp","href":"https:\/\/api.w.org\/{rel}","templated":true}]}}