{"id":1,"date":"2017-09-07T16:17:07","date_gmt":"2017-09-07T16:17:07","guid":{"rendered":"http:\/\/10.101.10.71\/wppaz\/?p=1"},"modified":"2017-11-13T03:39:14","modified_gmt":"2017-11-13T03:39:14","slug":"quienes-somos","status":"publish","type":"post","link":"https:\/\/centropedropaz.fcejs.unsl.edu.ar\/index.php\/2017\/09\/07\/quienes-somos\/","title":{"rendered":"\u00bfQui\u00e9nes somos?"},"content":{"rendered":"<p style=\"text-align: center;\"><strong>\u00bfQu\u00e9 es el Centro de Pensamiento Cr\u00edtico \u00abPedro Paz\u00bb?<\/strong><\/p>\n<p><img loading=\"lazy\" decoding=\"async\" class=\"size-medium wp-image-168 aligncenter\" src=\"https:\/\/centropedropaz.fcejs.unsl.edu.ar\/wp-content\/uploads\/2017\/10\/cropped-1b126126-9490-4b46-87b8-4d1fd7325ae1-300x300.jpg\" alt=\"\" width=\"300\" height=\"300\" srcset=\"https:\/\/centropedropaz.fcejs.unsl.edu.ar\/wp-content\/uploads\/2017\/10\/cropped-1b126126-9490-4b46-87b8-4d1fd7325ae1-300x300.jpg 300w, https:\/\/centropedropaz.fcejs.unsl.edu.ar\/wp-content\/uploads\/2017\/10\/cropped-1b126126-9490-4b46-87b8-4d1fd7325ae1-150x150.jpg 150w, https:\/\/centropedropaz.fcejs.unsl.edu.ar\/wp-content\/uploads\/2017\/10\/cropped-1b126126-9490-4b46-87b8-4d1fd7325ae1-270x270.jpg 270w, https:\/\/centropedropaz.fcejs.unsl.edu.ar\/wp-content\/uploads\/2017\/10\/cropped-1b126126-9490-4b46-87b8-4d1fd7325ae1-192x192.jpg 192w, https:\/\/centropedropaz.fcejs.unsl.edu.ar\/wp-content\/uploads\/2017\/10\/cropped-1b126126-9490-4b46-87b8-4d1fd7325ae1-180x180.jpg 180w, https:\/\/centropedropaz.fcejs.unsl.edu.ar\/wp-content\/uploads\/2017\/10\/cropped-1b126126-9490-4b46-87b8-4d1fd7325ae1-32x32.jpg 32w, https:\/\/centropedropaz.fcejs.unsl.edu.ar\/wp-content\/uploads\/2017\/10\/cropped-1b126126-9490-4b46-87b8-4d1fd7325ae1.jpg 512w\" sizes=\"auto, (max-width: 300px) 100vw, 300px\" \/><\/p>\n<p>El Centro de Pensamiento Cr\u00edtico lleva el nombre del economista argentino Pedro Francisco Paz, quien desarroll\u00f3 su actividad acad\u00e9mica en el pa\u00eds y Am\u00e9rica Latina, destac\u00e1ndose tambi\u00e9n como investigador, con importantes estudios sobre la realidad latinoamericana y otras publicaciones destacadas que contribuyeron a la formaci\u00f3n de generaciones universitarias hasta nuestros a\u00f1os.<\/p>\n<p>El Centro de Pensa<span class=\"text_exposed_show\">miento Cr\u00edtico Pedro Paz permitir\u00e1 complementar y fortalecer actividades acad\u00e9micas, de investigaci\u00f3n y de extensi\u00f3n propias de la Universidad otorg\u00e1ndole mayor valor y sustentabilidad al estudio de la realidad socioecon\u00f3mica y cultural latinoamericana.<br \/>\n<\/span><\/p>\n<h6><span class=\"text_exposed_show\"><em>(Haz click en el siguiente enlace para descargar resoluci\u00f3n de creaci\u00f3n del Centro de Pensamiento Cr\u00edtico)<\/em><br \/>\n<\/span><\/h6>\n<p><strong><a href=\"https:\/\/centropedropaz.fcejs.unsl.edu.ar\/wp-content\/uploads\/2017\/09\/Resoluci\u00f3n-de-creaci\u00f3n-centro-de-pensamiento-cr\u00edtico-pedro-paz.pdf\">Resoluci\u00f3n de creaci\u00f3n centro de pensamiento cr\u00edtico pedro paz\u00a0<\/a><\/strong><\/p>\n<div class=\"_50f4\"><strong>Objetivo<\/strong><\/div>\n<div class=\"_3-8w\">Ofrecer un espacio interdisciplinario de encuentro e intercambio de conocimientos, saberes y experiencias a los diversos actores que participan en el estudio de la realidad socio-econ\u00f3mica y cultural desde una perspectiva te\u00f3rica del pensamiento cr\u00edtico latinoamericano.<\/div>\n","protected":false},"excerpt":{"rendered":"<p>\u00bfQu\u00e9 es el Centro de Pensamiento Cr\u00edtico \u00abPedro Paz\u00bb? El Centro de Pensamiento Cr\u00edtico lleva el nombre del economista argentino Pedro Francisco Paz, quien desarroll\u00f3 su actividad acad\u00e9mica en el pa\u00eds y Am\u00e9rica Latina, destac\u00e1ndose tambi\u00e9n como investigador, con importantes&#8230; <a class=\"more-link\" href=\"https:\/\/centropedropaz.fcejs.unsl.edu.ar\/index.php\/2017\/09\/07\/quienes-somos\/\">Seguir leyendo &rarr;<\/a><\/p>\n","protected":false},"author":3,"featured_media":0,"comment_status":"open","ping_status":"open","sticky":false,"template":"","format":"standard","meta":{"footnotes":""},"categories":[3],"tags":[],"class_list":["post-1","post","type-post","status-publish","format-standard","hentry","category-informacion-del-centro"],"_links":{"self":[{"href":"https:\/\/centropedropaz.fcejs.unsl.edu.ar\/index.php\/wp-json\/wp\/v2\/posts\/1","targetHints":{"allow":["GET"]}}],"collection":[{"href":"https:\/\/centropedropaz.fcejs.unsl.edu.ar\/index.php\/wp-json\/wp\/v2\/posts"}],"about":[{"href":"https:\/\/centropedropaz.fcejs.unsl.edu.ar\/index.php\/wp-json\/wp\/v2\/types\/post"}],"author":[{"embeddable":true,"href":"https:\/\/centropedropaz.fcejs.unsl.edu.ar\/index.php\/wp-json\/wp\/v2\/users\/3"}],"replies":[{"embeddable":true,"href":"https:\/\/centropedropaz.fcejs.unsl.edu.ar\/index.php\/wp-json\/wp\/v2\/comments?post=1"}],"version-history":[{"count":5,"href":"https:\/\/centropedropaz.fcejs.unsl.edu.ar\/index.php\/wp-json\/wp\/v2\/posts\/1\/revisions"}],"predecessor-version":[{"id":28,"href":"https:\/\/centropedropaz.fcejs.unsl.edu.ar\/index.php\/wp-json\/wp\/v2\/posts\/1\/revisions\/28"}],"wp:attachment":[{"href":"https:\/\/centropedropaz.fcejs.unsl.edu.ar\/index.php\/wp-json\/wp\/v2\/media?parent=1"}],"wp:term":[{"taxonomy":"category","embeddable":true,"href":"https:\/\/centropedropaz.fcejs.unsl.edu.ar\/index.php\/wp-json\/wp\/v2\/categories?post=1"},{"taxonomy":"post_tag","embeddable":true,"href":"https:\/\/centropedropaz.fcejs.unsl.edu.ar\/index.php\/wp-json\/wp\/v2\/tags?post=1"}],"curies":[{"name":"wp","href":"https:\/\/api.w.org\/{rel}","templated":true}]}}